{"id":884,"date":"2026-03-05T18:48:31","date_gmt":"2026-03-05T17:48:31","guid":{"rendered":"https:\/\/monsieursolution.com\/2026\/03\/05\/tribune-economique-lafrique-centrale-doit-repenser-ses-importations\/"},"modified":"2026-03-05T18:49:06","modified_gmt":"2026-03-05T17:49:06","slug":"tribune-economique-lafrique-centrale-doit-repenser-ses-importations","status":"publish","type":"post","link":"https:\/\/monsieursolution.com\/en\/2026\/03\/05\/tribune-economique-lafrique-centrale-doit-repenser-ses-importations\/","title":{"rendered":"Tribune \u00e9conomique: l\u2019Afrique centrale doit repenser ses importations"},"content":{"rendered":"<p class=\"p1 wp-block-paragraph\"><em>La mont\u00e9e des tensions entre \u00c9tats-Unis, Isra\u00ebl et Iran pourrait avoir des r\u00e9percussions \u00e9conomiques majeures bien au-del\u00e0 du Moyen-Orient. Pour les pays d\u2019Afrique centrale, et notamment le Gabon, ce contexte international instable met en lumi\u00e8re une fragilit\u00e9 structurelle : la forte d\u00e9pendance aux importations extra-africaines pour des produits essentiels.<\/em><\/p>\n\n\n\n<p class=\"p1 wp-block-paragraph\">Dans un sc\u00e9nario d\u2019escalade militaire durable, les march\u00e9s mondiaux de l\u2019\u00e9nergie et des mati\u00e8res premi\u00e8res pourraient conna\u00eetre de fortes turbulences. Le p\u00e9trole, ressource strat\u00e9gique au c\u0153ur des tensions g\u00e9opolitiques, pourrait voir ses prix s\u2019envoler \u00e0 des niveaux records. Une telle situation impacterait directement les \u00e9conomies africaines, dont beaucoup restent d\u00e9pendantes des importations de produits raffin\u00e9s, malgr\u00e9 leur statut de pays producteurs de p\u00e9trole.<\/p>\n\n\n\n<p class=\"p3 wp-block-paragraph\"><strong>Une hausse probable des mati\u00e8res premi\u00e8res<\/strong><\/p>\n\n\n\n<p class=\"p1 wp-block-paragraph\">Historiquement, les conflits impliquant le Moyen-Orient provoquent des chocs sur les march\u00e9s \u00e9nerg\u00e9tiques mondiaux. L\u2019Iran \u00e9tant l\u2019un des acteurs majeurs de la r\u00e9gion, toute perturbation dans la zone du Golfe peut provoquer une flamb\u00e9e des prix du brut.<\/p>\n\n\n\n<p class=\"p1 wp-block-paragraph\">Pour le Gabon et plusieurs pays de la sous-r\u00e9gion, cette situation pourrait avoir un double effet. D\u2019un c\u00f4t\u00e9, la hausse des prix du p\u00e9trole pourrait augmenter les recettes d\u2019exportation. Mais de l\u2019autre, le co\u00fbt des importations \u00e9nerg\u00e9tiques, des transports et de nombreux produits manufactur\u00e9s pourrait exploser.<\/p>\n\n\n\n<p class=\"p1 wp-block-paragraph\">Le m\u00eame ph\u00e9nom\u00e8ne pourrait concerner certains minerais strat\u00e9giques comme le mangan\u00e8se, dont le Gabon est l\u2019un des premiers producteurs mondiaux. Dans un contexte d\u2019incertitude internationale, la demande pour les mati\u00e8res premi\u00e8res industrielles et strat\u00e9giques pourrait augmenter, entra\u00eenant une remont\u00e9e des prix sur les march\u00e9s mondiaux.<\/p>\n\n\n\n<p class=\"p3 wp-block-paragraph\"><strong>La vuln\u00e9rabilit\u00e9 des \u00e9conomies d\u2019Afrique centrale<\/strong><\/p>\n\n\n\n<p class=\"p1 wp-block-paragraph\">La crise actuelle r\u00e9v\u00e8le une faiblesse structurelle des \u00e9conomies de la r\u00e9gion : la d\u00e9pendance aux cha\u00eenes d\u2019approvisionnement internationales. Une grande partie des produits alimentaires transform\u00e9s, des biens industriels, des m\u00e9dicaments ou encore des \u00e9quipements provient d\u2019Europe, d\u2019Asie ou du Moyen-Orient.<\/p>\n\n\n\n<p class=\"p1 wp-block-paragraph\">Si les tensions internationales perturbent les routes commerciales ou rench\u00e9rissent les co\u00fbts logistiques, les pays d\u2019Afrique centrale pourraient subir une inflation import\u00e9e importante.<\/p>\n\n\n\n<p class=\"p1 wp-block-paragraph\">Dans ce contexte, la question de la relocalisation des importations vers la sous-r\u00e9gion africaine devient strat\u00e9gique.<\/p>\n\n\n\n<p class=\"p3 wp-block-paragraph\"><strong>Vers une strat\u00e9gie r\u00e9gionale d\u2019approvisionnement<\/strong><\/p>\n\n\n\n<p class=\"p1 wp-block-paragraph\">Face aux incertitudes g\u00e9opolitiques, les \u00c9tats d\u2019Afrique centrale pourraient acc\u00e9l\u00e9rer la mise en place d\u2019une strat\u00e9gie r\u00e9gionale bas\u00e9e sur trois axes majeurs :<\/p>\n\n\n\n<p class=\"p1 wp-block-paragraph\"><strong>1. Renforcer la production r\u00e9gionale<\/strong><\/p>\n\n\n\n<p class=\"p1 wp-block-paragraph\">D\u00e9velopper les industries agroalimentaires, pharmaceutiques et manufacturi\u00e8res dans la sous-r\u00e9gion afin de r\u00e9duire la d\u00e9pendance aux importations lointaines.<\/p>\n\n\n\n<p class=\"p1 wp-block-paragraph\"><strong>2. Favoriser les \u00e9changes intra-africains<\/strong><\/p>\n\n\n\n<p class=\"p1 wp-block-paragraph\">Le commerce entre pays africains reste encore tr\u00e8s faible compar\u00e9 \u00e0 d\u2019autres r\u00e9gions du monde. Renforcer les corridors logistiques et les accords commerciaux r\u00e9gionaux permettrait de s\u00e9curiser les approvisionnements.<\/p>\n\n\n\n<p class=\"p1 wp-block-paragraph\"><strong>3. Transformer localement les ressources naturelles<\/strong><\/p>\n\n\n\n<p class=\"p1 wp-block-paragraph\">Pour un pays comme le Gabon, l\u2019enjeu ne se limite pas \u00e0 exporter des mati\u00e8res premi\u00e8res comme le p\u00e9trole ou le mangan\u00e8se. La transformation locale et r\u00e9gionale de ces ressources pourrait cr\u00e9er davantage de valeur et r\u00e9duire la d\u00e9pendance aux produits import\u00e9s.<\/p>\n\n\n\n<p class=\"p3 wp-block-paragraph\"><strong>Une opportunit\u00e9 strat\u00e9gique pour l\u2019Afrique centrale<\/strong><\/p>\n\n\n\n<p class=\"p1 wp-block-paragraph\">Si la guerre au Moyen-Orient devait provoquer un choc \u00e9nerg\u00e9tique mondial, elle pourrait paradoxalement servir de r\u00e9v\u00e9lateur pour les \u00e9conomies africaines. Le moment pourrait \u00eatre venu pour les pays d\u2019Afrique centrale de repenser leur mod\u00e8le \u00e9conomique en privil\u00e9giant la souverainet\u00e9 industrielle, la coop\u00e9ration r\u00e9gionale et la transformation locale des ressources.<\/p>\n\n\n\n<p class=\"p1 wp-block-paragraph\">Dans ce contexte incertain, la hausse probable des prix du p\u00e9trole et des mati\u00e8res premi\u00e8res pourrait offrir des marges financi\u00e8res aux \u00c9tats producteurs. Mais ces revenus exceptionnels ne seraient r\u00e9ellement utiles que s\u2019ils sont investis dans la diversification \u00e9conomique et dans la construction d\u2019un v\u00e9ritable march\u00e9 r\u00e9gional africain. Dans un monde marqu\u00e9 par les crises g\u00e9opolitiques et les ruptures d\u2019approvisionnement, la r\u00e9silience \u00e9conomique passera de plus en plus par la proximit\u00e9 et l\u2019int\u00e9gration r\u00e9gionale. <\/p>\n\n\n\n<figure class=\"wp-block-image size-large\"><img data-recalc-dims=\"1\" fetchpriority=\"high\" decoding=\"async\" width=\"600\" height=\"332\" data-attachment-id=\"885\" data-permalink=\"https:\/\/monsieursolution.com\/en\/img_4679\/\" data-orig-file=\"https:\/\/i0.wp.com\/monsieursolution.com\/wp-content\/uploads\/2026\/03\/img_4679.jpg?fit=600%2C332&amp;ssl=1\" data-orig-size=\"600,332\" data-comments-opened=\"1\" data-image-meta=\"{&quot;aperture&quot;:&quot;0&quot;,&quot;credit&quot;:&quot;&quot;,&quot;camera&quot;:&quot;&quot;,&quot;caption&quot;:&quot;&quot;,&quot;created_timestamp&quot;:&quot;0&quot;,&quot;copyright&quot;:&quot;&quot;,&quot;focal_length&quot;:&quot;0&quot;,&quot;iso&quot;:&quot;0&quot;,&quot;shutter_speed&quot;:&quot;0&quot;,&quot;title&quot;:&quot;&quot;,&quot;orientation&quot;:&quot;1&quot;}\" data-image-title=\"img_4679\" data-image-description=\"\" data-image-caption=\"\" data-large-file=\"https:\/\/i0.wp.com\/monsieursolution.com\/wp-content\/uploads\/2026\/03\/img_4679.jpg?fit=600%2C332&amp;ssl=1\" src=\"https:\/\/i0.wp.com\/monsieursolution.com\/wp-content\/uploads\/2026\/03\/img_4679.jpg?resize=600%2C332&#038;ssl=1\" alt=\"\" class=\"wp-image-885\" srcset=\"https:\/\/i0.wp.com\/monsieursolution.com\/wp-content\/uploads\/2026\/03\/img_4679.jpg?w=600&amp;ssl=1 600w, https:\/\/i0.wp.com\/monsieursolution.com\/wp-content\/uploads\/2026\/03\/img_4679.jpg?resize=300%2C166&amp;ssl=1 300w\" sizes=\"(max-width: 600px) 100vw, 600px\" \/><\/figure>","protected":false},"excerpt":{"rendered":"<p>La mont\u00e9e des tensions entre \u00c9tats-Unis, Isra\u00ebl et Iran pourrait avoir des r\u00e9percussions \u00e9conomiques majeures bien au-del\u00e0 du Moyen-Orient. Pour les pays d\u2019Afrique centrale, et notamment le Gabon, ce contexte international instable met en lumi\u00e8re une fragilit\u00e9 structurelle : la forte d\u00e9pendance aux importations extra-africaines pour des produits essentiels. Dans un sc\u00e9nario d\u2019escalade militaire durable,&#8230;<\/p>","protected":false},"author":270162794,"featured_media":883,"comment_status":"open","ping_status":"open","sticky":false,"template":"","format":"standard","meta":{"_crdt_document":"","_jetpack_newsletter_access":"","_jetpack_dont_email_post_to_subs":false,"_jetpack_newsletter_tier_id":0,"_jetpack_memberships_contains_paywalled_content":false,"_jetpack_memberships_contains_paid_content":false,"footnotes":"","jetpack_publicize_message":"Tribune \u00e9conomique: l\u2019Afrique centrale doit repenser ses importations","jetpack_publicize_feature_enabled":true,"jetpack_social_post_already_shared":true,"jetpack_social_options":{"image_generator_settings":{"template":"highway","default_image_id":0,"font":"","enabled":false},"version":2},"jetpack_post_was_ever_published":false},"categories":[1],"tags":[],"class_list":["post-884","post","type-post","status-publish","format-standard","has-post-thumbnail","hentry","category-economie"],"yoast_head":"<!-- This site is optimized with the Yoast SEO plugin v27.4 - https:\/\/yoast.com\/product\/yoast-seo-wordpress\/ -->\n<title>Tribune \u00e9conomique: l\u2019Afrique centrale doit repenser ses importations - Monsieur Solution<\/title>\n<meta name=\"robots\" content=\"index, follow, max-snippet:-1, max-image-preview:large, max-video-preview:-1\" \/>\n<link rel=\"canonical\" href=\"https:\/\/monsieursolution.com\/en\/2026\/03\/05\/tribune-economique-lafrique-centrale-doit-repenser-ses-importations\/\" \/>\n<meta property=\"og:locale\" content=\"en_US\" \/>\n<meta property=\"og:type\" content=\"article\" \/>\n<meta property=\"og:title\" content=\"Tribune \u00e9conomique: l\u2019Afrique centrale doit repenser ses importations - Monsieur Solution\" \/>\n<meta property=\"og:description\" content=\"La mont\u00e9e des tensions entre \u00c9tats-Unis, Isra\u00ebl et Iran pourrait avoir des r\u00e9percussions \u00e9conomiques majeures bien au-del\u00e0 du Moyen-Orient. Pour les pays d\u2019Afrique centrale, et notamment le Gabon, ce contexte international instable met en lumi\u00e8re une fragilit\u00e9 structurelle : la forte d\u00e9pendance aux importations extra-africaines pour des produits essentiels. Dans un sc\u00e9nario d\u2019escalade militaire durable,...\" \/>\n<meta property=\"og:url\" content=\"https:\/\/monsieursolution.com\/en\/2026\/03\/05\/tribune-economique-lafrique-centrale-doit-repenser-ses-importations\/\" \/>\n<meta property=\"og:site_name\" content=\"Monsieur Solution\" \/>\n<meta property=\"article:published_time\" content=\"2026-03-05T17:48:31+00:00\" \/>\n<meta property=\"article:modified_time\" content=\"2026-03-05T17:49:06+00:00\" \/>\n<meta property=\"og:image\" content=\"https:\/\/i0.wp.com\/monsieursolution.com\/wp-content\/uploads\/2026\/03\/img_4680.jpg?fit=1215%2C806&ssl=1\" \/>\n\t<meta property=\"og:image:width\" content=\"1215\" \/>\n\t<meta property=\"og:image:height\" content=\"806\" \/>\n\t<meta property=\"og:image:type\" content=\"image\/jpeg\" \/>\n<meta name=\"author\" content=\"Gabriel KOULANGOYE\" \/>\n<meta name=\"twitter:card\" content=\"summary_large_image\" \/>\n<meta name=\"twitter:label1\" content=\"Written by\" \/>\n\t<meta name=\"twitter:data1\" content=\"Gabriel KOULANGOYE\" \/>\n\t<meta name=\"twitter:label2\" content=\"Est. reading time\" \/>\n\t<meta name=\"twitter:data2\" content=\"4 minutes\" \/>\n<script type=\"application\/ld+json\" class=\"yoast-schema-graph\">{\"@context\":\"https:\\\/\\\/schema.org\",\"@graph\":[{\"@type\":\"Article\",\"@id\":\"https:\\\/\\\/monsieursolution.com\\\/2026\\\/03\\\/05\\\/tribune-economique-lafrique-centrale-doit-repenser-ses-importations\\\/#article\",\"isPartOf\":{\"@id\":\"https:\\\/\\\/monsieursolution.com\\\/2026\\\/03\\\/05\\\/tribune-economique-lafrique-centrale-doit-repenser-ses-importations\\\/\"},\"author\":{\"name\":\"Gabriel KOULANGOYE\",\"@id\":\"https:\\\/\\\/monsieursolution.com\\\/#\\\/schema\\\/person\\\/761c34d284089f7536ce187f9b6d4eb0\"},\"headline\":\"Tribune \u00e9conomique: l\u2019Afrique centrale doit repenser ses importations\",\"datePublished\":\"2026-03-05T17:48:31+00:00\",\"dateModified\":\"2026-03-05T17:49:06+00:00\",\"mainEntityOfPage\":{\"@id\":\"https:\\\/\\\/monsieursolution.com\\\/2026\\\/03\\\/05\\\/tribune-economique-lafrique-centrale-doit-repenser-ses-importations\\\/\"},\"wordCount\":722,\"commentCount\":0,\"publisher\":{\"@id\":\"https:\\\/\\\/monsieursolution.com\\\/#organization\"},\"image\":{\"@id\":\"https:\\\/\\\/monsieursolution.com\\\/2026\\\/03\\\/05\\\/tribune-economique-lafrique-centrale-doit-repenser-ses-importations\\\/#primaryimage\"},\"thumbnailUrl\":\"https:\\\/\\\/i0.wp.com\\\/monsieursolution.com\\\/wp-content\\\/uploads\\\/2026\\\/03\\\/img_4680.jpg?fit=1215%2C806&ssl=1\",\"articleSection\":[\"\u00c9conomie\"],\"inLanguage\":\"en-US\",\"potentialAction\":[{\"@type\":\"CommentAction\",\"name\":\"Comment\",\"target\":[\"https:\\\/\\\/monsieursolution.com\\\/2026\\\/03\\\/05\\\/tribune-economique-lafrique-centrale-doit-repenser-ses-importations\\\/#respond\"]}]},{\"@type\":\"WebPage\",\"@id\":\"https:\\\/\\\/monsieursolution.com\\\/2026\\\/03\\\/05\\\/tribune-economique-lafrique-centrale-doit-repenser-ses-importations\\\/\",\"url\":\"https:\\\/\\\/monsieursolution.com\\\/2026\\\/03\\\/05\\\/tribune-economique-lafrique-centrale-doit-repenser-ses-importations\\\/\",\"name\":\"Tribune \u00e9conomique: l\u2019Afrique centrale doit repenser ses importations - Monsieur Solution\",\"isPartOf\":{\"@id\":\"https:\\\/\\\/monsieursolution.com\\\/#website\"},\"primaryImageOfPage\":{\"@id\":\"https:\\\/\\\/monsieursolution.com\\\/2026\\\/03\\\/05\\\/tribune-economique-lafrique-centrale-doit-repenser-ses-importations\\\/#primaryimage\"},\"image\":{\"@id\":\"https:\\\/\\\/monsieursolution.com\\\/2026\\\/03\\\/05\\\/tribune-economique-lafrique-centrale-doit-repenser-ses-importations\\\/#primaryimage\"},\"thumbnailUrl\":\"https:\\\/\\\/i0.wp.com\\\/monsieursolution.com\\\/wp-content\\\/uploads\\\/2026\\\/03\\\/img_4680.jpg?fit=1215%2C806&ssl=1\",\"datePublished\":\"2026-03-05T17:48:31+00:00\",\"dateModified\":\"2026-03-05T17:49:06+00:00\",\"breadcrumb\":{\"@id\":\"https:\\\/\\\/monsieursolution.com\\\/2026\\\/03\\\/05\\\/tribune-economique-lafrique-centrale-doit-repenser-ses-importations\\\/#breadcrumb\"},\"inLanguage\":\"en-US\",\"potentialAction\":[{\"@type\":\"ReadAction\",\"target\":[\"https:\\\/\\\/monsieursolution.com\\\/2026\\\/03\\\/05\\\/tribune-economique-lafrique-centrale-doit-repenser-ses-importations\\\/\"]}]},{\"@type\":\"ImageObject\",\"inLanguage\":\"en-US\",\"@id\":\"https:\\\/\\\/monsieursolution.com\\\/2026\\\/03\\\/05\\\/tribune-economique-lafrique-centrale-doit-repenser-ses-importations\\\/#primaryimage\",\"url\":\"https:\\\/\\\/i0.wp.com\\\/monsieursolution.com\\\/wp-content\\\/uploads\\\/2026\\\/03\\\/img_4680.jpg?fit=1215%2C806&ssl=1\",\"contentUrl\":\"https:\\\/\\\/i0.wp.com\\\/monsieursolution.com\\\/wp-content\\\/uploads\\\/2026\\\/03\\\/img_4680.jpg?fit=1215%2C806&ssl=1\",\"width\":1215,\"height\":806},{\"@type\":\"BreadcrumbList\",\"@id\":\"https:\\\/\\\/monsieursolution.com\\\/2026\\\/03\\\/05\\\/tribune-economique-lafrique-centrale-doit-repenser-ses-importations\\\/#breadcrumb\",\"itemListElement\":[{\"@type\":\"ListItem\",\"position\":1,\"name\":\"Accueil\",\"item\":\"https:\\\/\\\/monsieursolution.com\\\/\"},{\"@type\":\"ListItem\",\"position\":2,\"name\":\"Tribune \u00e9conomique: l\u2019Afrique centrale doit repenser ses importations\"}]},{\"@type\":\"WebSite\",\"@id\":\"https:\\\/\\\/monsieursolution.com\\\/#website\",\"url\":\"https:\\\/\\\/monsieursolution.com\\\/\",\"name\":\"Monsieur Solution\",\"description\":\"Une plateforme d\u2019information\",\"publisher\":{\"@id\":\"https:\\\/\\\/monsieursolution.com\\\/#organization\"},\"potentialAction\":[{\"@type\":\"SearchAction\",\"target\":{\"@type\":\"EntryPoint\",\"urlTemplate\":\"https:\\\/\\\/monsieursolution.com\\\/?s={search_term_string}\"},\"query-input\":{\"@type\":\"PropertyValueSpecification\",\"valueRequired\":true,\"valueName\":\"search_term_string\"}}],\"inLanguage\":\"en-US\"},{\"@type\":\"Organization\",\"@id\":\"https:\\\/\\\/monsieursolution.com\\\/#organization\",\"name\":\"Monsieur Solution\",\"url\":\"https:\\\/\\\/monsieursolution.com\\\/\",\"logo\":{\"@type\":\"ImageObject\",\"inLanguage\":\"en-US\",\"@id\":\"https:\\\/\\\/monsieursolution.com\\\/#\\\/schema\\\/logo\\\/image\\\/\",\"url\":\"https:\\\/\\\/i0.wp.com\\\/monsieursolution.com\\\/wp-content\\\/uploads\\\/2025\\\/08\\\/cropped-Screenshot-2025-08-18-at-3.27.47-AM.png?fit=384%2C384&ssl=1\",\"contentUrl\":\"https:\\\/\\\/i0.wp.com\\\/monsieursolution.com\\\/wp-content\\\/uploads\\\/2025\\\/08\\\/cropped-Screenshot-2025-08-18-at-3.27.47-AM.png?fit=384%2C384&ssl=1\",\"width\":384,\"height\":384,\"caption\":\"Monsieur Solution\"},\"image\":{\"@id\":\"https:\\\/\\\/monsieursolution.com\\\/#\\\/schema\\\/logo\\\/image\\\/\"}},{\"@type\":\"Person\",\"@id\":\"https:\\\/\\\/monsieursolution.com\\\/#\\\/schema\\\/person\\\/761c34d284089f7536ce187f9b6d4eb0\",\"name\":\"Gabriel KOULANGOYE\",\"image\":{\"@type\":\"ImageObject\",\"inLanguage\":\"en-US\",\"@id\":\"https:\\\/\\\/secure.gravatar.com\\\/avatar\\\/168f63f83412a485e876e75f17f27400b39bf3fbb171599a6f8f3ae9b15fc91c?s=96&d=identicon&r=g\",\"url\":\"https:\\\/\\\/secure.gravatar.com\\\/avatar\\\/168f63f83412a485e876e75f17f27400b39bf3fbb171599a6f8f3ae9b15fc91c?s=96&d=identicon&r=g\",\"contentUrl\":\"https:\\\/\\\/secure.gravatar.com\\\/avatar\\\/168f63f83412a485e876e75f17f27400b39bf3fbb171599a6f8f3ae9b15fc91c?s=96&d=identicon&r=g\",\"caption\":\"Gabriel KOULANGOYE\"},\"url\":\"https:\\\/\\\/monsieursolution.com\\\/en\\\/author\\\/gabriel_koulangoye\\\/\"}]}<\/script>\n<!-- \/ Yoast SEO plugin. -->","yoast_head_json":{"title":"Tribune \u00e9conomique: l\u2019Afrique centrale doit repenser ses importations - Monsieur Solution","robots":{"index":"index","follow":"follow","max-snippet":"max-snippet:-1","max-image-preview":"max-image-preview:large","max-video-preview":"max-video-preview:-1"},"canonical":"https:\/\/monsieursolution.com\/en\/2026\/03\/05\/tribune-economique-lafrique-centrale-doit-repenser-ses-importations\/","og_locale":"en_US","og_type":"article","og_title":"Tribune \u00e9conomique: l\u2019Afrique centrale doit repenser ses importations - Monsieur Solution","og_description":"La mont\u00e9e des tensions entre \u00c9tats-Unis, Isra\u00ebl et Iran pourrait avoir des r\u00e9percussions \u00e9conomiques majeures bien au-del\u00e0 du Moyen-Orient. Pour les pays d\u2019Afrique centrale, et notamment le Gabon, ce contexte international instable met en lumi\u00e8re une fragilit\u00e9 structurelle : la forte d\u00e9pendance aux importations extra-africaines pour des produits essentiels. Dans un sc\u00e9nario d\u2019escalade militaire durable,...","og_url":"https:\/\/monsieursolution.com\/en\/2026\/03\/05\/tribune-economique-lafrique-centrale-doit-repenser-ses-importations\/","og_site_name":"Monsieur Solution","article_published_time":"2026-03-05T17:48:31+00:00","article_modified_time":"2026-03-05T17:49:06+00:00","og_image":[{"width":1215,"height":806,"url":"https:\/\/i0.wp.com\/monsieursolution.com\/wp-content\/uploads\/2026\/03\/img_4680.jpg?fit=1215%2C806&ssl=1","type":"image\/jpeg"}],"author":"Gabriel KOULANGOYE","twitter_card":"summary_large_image","twitter_misc":{"Written by":"Gabriel KOULANGOYE","Est. reading time":"4 minutes"},"schema":{"@context":"https:\/\/schema.org","@graph":[{"@type":"Article","@id":"https:\/\/monsieursolution.com\/2026\/03\/05\/tribune-economique-lafrique-centrale-doit-repenser-ses-importations\/#article","isPartOf":{"@id":"https:\/\/monsieursolution.com\/2026\/03\/05\/tribune-economique-lafrique-centrale-doit-repenser-ses-importations\/"},"author":{"name":"Gabriel KOULANGOYE","@id":"https:\/\/monsieursolution.com\/#\/schema\/person\/761c34d284089f7536ce187f9b6d4eb0"},"headline":"Tribune \u00e9conomique: l\u2019Afrique centrale doit repenser ses importations","datePublished":"2026-03-05T17:48:31+00:00","dateModified":"2026-03-05T17:49:06+00:00","mainEntityOfPage":{"@id":"https:\/\/monsieursolution.com\/2026\/03\/05\/tribune-economique-lafrique-centrale-doit-repenser-ses-importations\/"},"wordCount":722,"commentCount":0,"publisher":{"@id":"https:\/\/monsieursolution.com\/#organization"},"image":{"@id":"https:\/\/monsieursolution.com\/2026\/03\/05\/tribune-economique-lafrique-centrale-doit-repenser-ses-importations\/#primaryimage"},"thumbnailUrl":"https:\/\/i0.wp.com\/monsieursolution.com\/wp-content\/uploads\/2026\/03\/img_4680.jpg?fit=1215%2C806&ssl=1","articleSection":["\u00c9conomie"],"inLanguage":"en-US","potentialAction":[{"@type":"CommentAction","name":"Comment","target":["https:\/\/monsieursolution.com\/2026\/03\/05\/tribune-economique-lafrique-centrale-doit-repenser-ses-importations\/#respond"]}]},{"@type":"WebPage","@id":"https:\/\/monsieursolution.com\/2026\/03\/05\/tribune-economique-lafrique-centrale-doit-repenser-ses-importations\/","url":"https:\/\/monsieursolution.com\/2026\/03\/05\/tribune-economique-lafrique-centrale-doit-repenser-ses-importations\/","name":"Tribune \u00e9conomique: l\u2019Afrique centrale doit repenser ses importations - Monsieur Solution","isPartOf":{"@id":"https:\/\/monsieursolution.com\/#website"},"primaryImageOfPage":{"@id":"https:\/\/monsieursolution.com\/2026\/03\/05\/tribune-economique-lafrique-centrale-doit-repenser-ses-importations\/#primaryimage"},"image":{"@id":"https:\/\/monsieursolution.com\/2026\/03\/05\/tribune-economique-lafrique-centrale-doit-repenser-ses-importations\/#primaryimage"},"thumbnailUrl":"https:\/\/i0.wp.com\/monsieursolution.com\/wp-content\/uploads\/2026\/03\/img_4680.jpg?fit=1215%2C806&ssl=1","datePublished":"2026-03-05T17:48:31+00:00","dateModified":"2026-03-05T17:49:06+00:00","breadcrumb":{"@id":"https:\/\/monsieursolution.com\/2026\/03\/05\/tribune-economique-lafrique-centrale-doit-repenser-ses-importations\/#breadcrumb"},"inLanguage":"en-US","potentialAction":[{"@type":"ReadAction","target":["https:\/\/monsieursolution.com\/2026\/03\/05\/tribune-economique-lafrique-centrale-doit-repenser-ses-importations\/"]}]},{"@type":"ImageObject","inLanguage":"en-US","@id":"https:\/\/monsieursolution.com\/2026\/03\/05\/tribune-economique-lafrique-centrale-doit-repenser-ses-importations\/#primaryimage","url":"https:\/\/i0.wp.com\/monsieursolution.com\/wp-content\/uploads\/2026\/03\/img_4680.jpg?fit=1215%2C806&ssl=1","contentUrl":"https:\/\/i0.wp.com\/monsieursolution.com\/wp-content\/uploads\/2026\/03\/img_4680.jpg?fit=1215%2C806&ssl=1","width":1215,"height":806},{"@type":"BreadcrumbList","@id":"https:\/\/monsieursolution.com\/2026\/03\/05\/tribune-economique-lafrique-centrale-doit-repenser-ses-importations\/#breadcrumb","itemListElement":[{"@type":"ListItem","position":1,"name":"Accueil","item":"https:\/\/monsieursolution.com\/"},{"@type":"ListItem","position":2,"name":"Tribune \u00e9conomique: l\u2019Afrique centrale doit repenser ses importations"}]},{"@type":"WebSite","@id":"https:\/\/monsieursolution.com\/#website","url":"https:\/\/monsieursolution.com\/","name":"Mister Solution","description":"A news platform","publisher":{"@id":"https:\/\/monsieursolution.com\/#organization"},"potentialAction":[{"@type":"SearchAction","target":{"@type":"EntryPoint","urlTemplate":"https:\/\/monsieursolution.com\/?s={search_term_string}"},"query-input":{"@type":"PropertyValueSpecification","valueRequired":true,"valueName":"search_term_string"}}],"inLanguage":"en-US"},{"@type":"Organization","@id":"https:\/\/monsieursolution.com\/#organization","name":"Mister Solution","url":"https:\/\/monsieursolution.com\/","logo":{"@type":"ImageObject","inLanguage":"en-US","@id":"https:\/\/monsieursolution.com\/#\/schema\/logo\/image\/","url":"https:\/\/i0.wp.com\/monsieursolution.com\/wp-content\/uploads\/2025\/08\/cropped-Screenshot-2025-08-18-at-3.27.47-AM.png?fit=384%2C384&ssl=1","contentUrl":"https:\/\/i0.wp.com\/monsieursolution.com\/wp-content\/uploads\/2025\/08\/cropped-Screenshot-2025-08-18-at-3.27.47-AM.png?fit=384%2C384&ssl=1","width":384,"height":384,"caption":"Monsieur Solution"},"image":{"@id":"https:\/\/monsieursolution.com\/#\/schema\/logo\/image\/"}},{"@type":"Person","@id":"https:\/\/monsieursolution.com\/#\/schema\/person\/761c34d284089f7536ce187f9b6d4eb0","name":"Gabriel KOULANGOYE","image":{"@type":"ImageObject","inLanguage":"en-US","@id":"https:\/\/secure.gravatar.com\/avatar\/168f63f83412a485e876e75f17f27400b39bf3fbb171599a6f8f3ae9b15fc91c?s=96&d=identicon&r=g","url":"https:\/\/secure.gravatar.com\/avatar\/168f63f83412a485e876e75f17f27400b39bf3fbb171599a6f8f3ae9b15fc91c?s=96&d=identicon&r=g","contentUrl":"https:\/\/secure.gravatar.com\/avatar\/168f63f83412a485e876e75f17f27400b39bf3fbb171599a6f8f3ae9b15fc91c?s=96&d=identicon&r=g","caption":"Gabriel KOULANGOYE"},"url":"https:\/\/monsieursolution.com\/en\/author\/gabriel_koulangoye\/"}]}},"jetpack_publicize_connections":[],"featured_image_urls":{"full":["https:\/\/i0.wp.com\/monsieursolution.com\/wp-content\/uploads\/2026\/03\/img_4680.jpg?fit=1215%2C806&ssl=1",1215,806,false],"thumbnail":["https:\/\/i0.wp.com\/monsieursolution.com\/wp-content\/uploads\/2026\/03\/img_4680.jpg?resize=150%2C150&ssl=1",150,150,true],"medium":["https:\/\/i0.wp.com\/monsieursolution.com\/wp-content\/uploads\/2026\/03\/img_4680.jpg?fit=300%2C199&ssl=1",300,199,true],"medium_large":["https:\/\/i0.wp.com\/monsieursolution.com\/wp-content\/uploads\/2026\/03\/img_4680.jpg?fit=640%2C424&ssl=1",640,424,true],"large":["https:\/\/i0.wp.com\/monsieursolution.com\/wp-content\/uploads\/2026\/03\/img_4680.jpg?fit=640%2C424&ssl=1",640,424,true],"1536x1536":["https:\/\/i0.wp.com\/monsieursolution.com\/wp-content\/uploads\/2026\/03\/img_4680.jpg?fit=1215%2C806&ssl=1",1215,806,true],"2048x2048":["https:\/\/i0.wp.com\/monsieursolution.com\/wp-content\/uploads\/2026\/03\/img_4680.jpg?fit=1215%2C806&ssl=1",1215,806,true],"trp-custom-language-flag":["https:\/\/i0.wp.com\/monsieursolution.com\/wp-content\/uploads\/2026\/03\/img_4680.jpg?fit=18%2C12&ssl=1",18,12,true],"newspack-article-block-landscape-large":["https:\/\/i0.wp.com\/monsieursolution.com\/wp-content\/uploads\/2026\/03\/img_4680.jpg?resize=1200%2C806&ssl=1",1200,806,true],"newspack-article-block-portrait-large":["https:\/\/i0.wp.com\/monsieursolution.com\/wp-content\/uploads\/2026\/03\/img_4680.jpg?resize=900%2C806&ssl=1",900,806,true],"newspack-article-block-square-large":["https:\/\/i0.wp.com\/monsieursolution.com\/wp-content\/uploads\/2026\/03\/img_4680.jpg?resize=1200%2C806&ssl=1",1200,806,true],"newspack-article-block-landscape-medium":["https:\/\/i0.wp.com\/monsieursolution.com\/wp-content\/uploads\/2026\/03\/img_4680.jpg?resize=800%2C600&ssl=1",800,600,true],"newspack-article-block-portrait-medium":["https:\/\/i0.wp.com\/monsieursolution.com\/wp-content\/uploads\/2026\/03\/img_4680.jpg?resize=600%2C800&ssl=1",600,800,true],"newspack-article-block-square-medium":["https:\/\/i0.wp.com\/monsieursolution.com\/wp-content\/uploads\/2026\/03\/img_4680.jpg?resize=800%2C800&ssl=1",800,800,true],"newspack-article-block-landscape-intermediate":["https:\/\/i0.wp.com\/monsieursolution.com\/wp-content\/uploads\/2026\/03\/img_4680.jpg?resize=600%2C450&ssl=1",600,450,true],"newspack-article-block-portrait-intermediate":["https:\/\/i0.wp.com\/monsieursolution.com\/wp-content\/uploads\/2026\/03\/img_4680.jpg?resize=450%2C600&ssl=1",450,600,true],"newspack-article-block-square-intermediate":["https:\/\/i0.wp.com\/monsieursolution.com\/wp-content\/uploads\/2026\/03\/img_4680.jpg?resize=600%2C600&ssl=1",600,600,true],"newspack-article-block-landscape-small":["https:\/\/i0.wp.com\/monsieursolution.com\/wp-content\/uploads\/2026\/03\/img_4680.jpg?resize=400%2C300&ssl=1",400,300,true],"newspack-article-block-portrait-small":["https:\/\/i0.wp.com\/monsieursolution.com\/wp-content\/uploads\/2026\/03\/img_4680.jpg?resize=300%2C400&ssl=1",300,400,true],"newspack-article-block-square-small":["https:\/\/i0.wp.com\/monsieursolution.com\/wp-content\/uploads\/2026\/03\/img_4680.jpg?resize=400%2C400&ssl=1",400,400,true],"newspack-article-block-landscape-tiny":["https:\/\/i0.wp.com\/monsieursolution.com\/wp-content\/uploads\/2026\/03\/img_4680.jpg?resize=200%2C150&ssl=1",200,150,true],"newspack-article-block-portrait-tiny":["https:\/\/i0.wp.com\/monsieursolution.com\/wp-content\/uploads\/2026\/03\/img_4680.jpg?resize=150%2C200&ssl=1",150,200,true],"newspack-article-block-square-tiny":["https:\/\/i0.wp.com\/monsieursolution.com\/wp-content\/uploads\/2026\/03\/img_4680.jpg?resize=200%2C200&ssl=1",200,200,true],"newspack-article-block-uncropped":["https:\/\/i0.wp.com\/monsieursolution.com\/wp-content\/uploads\/2026\/03\/img_4680.jpg?fit=1200%2C796&ssl=1",1200,796,true],"newsmatic-featured":["https:\/\/i0.wp.com\/monsieursolution.com\/wp-content\/uploads\/2026\/03\/img_4680.jpg?resize=820%2C545&ssl=1",820,545,true],"newsmatic-list":["https:\/\/i0.wp.com\/monsieursolution.com\/wp-content\/uploads\/2026\/03\/img_4680.jpg?resize=600%2C400&ssl=1",600,400,true],"newsmatic-thumb":["https:\/\/i0.wp.com\/monsieursolution.com\/wp-content\/uploads\/2026\/03\/img_4680.jpg?resize=300%2C200&ssl=1",300,200,true],"newsmatic-small":["https:\/\/i0.wp.com\/monsieursolution.com\/wp-content\/uploads\/2026\/03\/img_4680.jpg?resize=150%2C95&ssl=1",150,95,true],"newsmatic-grid":["https:\/\/i0.wp.com\/monsieursolution.com\/wp-content\/uploads\/2026\/03\/img_4680.jpg?resize=400%2C250&ssl=1",400,250,true]},"author_info":{"info":["Gabriel KOULANGOYE"]},"category_info":"<a href=\"https:\/\/monsieursolution.com\/en\/category\/economie\/\" rel=\"category tag\">\u00c9conomie<\/a>","tag_info":"\u00c9conomie","comment_count":"0","jetpack_featured_media_url":"https:\/\/i0.wp.com\/monsieursolution.com\/wp-content\/uploads\/2026\/03\/img_4680.jpg?fit=1215%2C806&ssl=1","jetpack_likes_enabled":true,"jetpack_sharing_enabled":true,"jetpack_shortlink":"https:\/\/wp.me\/pgKr6S-eg","jetpack-related-posts":[],"_links":{"self":[{"href":"https:\/\/monsieursolution.com\/en\/wp-json\/wp\/v2\/posts\/884","targetHints":{"allow":["GET"]}}],"collection":[{"href":"https:\/\/monsieursolution.com\/en\/wp-json\/wp\/v2\/posts"}],"about":[{"href":"https:\/\/monsieursolution.com\/en\/wp-json\/wp\/v2\/types\/post"}],"author":[{"embeddable":true,"href":"https:\/\/monsieursolution.com\/en\/wp-json\/wp\/v2\/users\/270162794"}],"replies":[{"embeddable":true,"href":"https:\/\/monsieursolution.com\/en\/wp-json\/wp\/v2\/comments?post=884"}],"version-history":[{"count":2,"href":"https:\/\/monsieursolution.com\/en\/wp-json\/wp\/v2\/posts\/884\/revisions"}],"predecessor-version":[{"id":887,"href":"https:\/\/monsieursolution.com\/en\/wp-json\/wp\/v2\/posts\/884\/revisions\/887"}],"wp:featuredmedia":[{"embeddable":true,"href":"https:\/\/monsieursolution.com\/en\/wp-json\/wp\/v2\/media\/883"}],"wp:attachment":[{"href":"https:\/\/monsieursolution.com\/en\/wp-json\/wp\/v2\/media?parent=884"}],"wp:term":[{"taxonomy":"category","embeddable":true,"href":"https:\/\/monsieursolution.com\/en\/wp-json\/wp\/v2\/categories?post=884"},{"taxonomy":"post_tag","embeddable":true,"href":"https:\/\/monsieursolution.com\/en\/wp-json\/wp\/v2\/tags?post=884"}],"curies":[{"name":"wp","href":"https:\/\/api.w.org\/{rel}","templated":true}]}}