{"id":571,"date":"2026-01-20T08:24:41","date_gmt":"2026-01-20T07:24:41","guid":{"rendered":"https:\/\/monsieursolution.com\/2026\/01\/20\/interpellation-de-marcel-libama-les-autorites-invoquent-le-cadre-legal\/"},"modified":"2026-01-20T08:24:41","modified_gmt":"2026-01-20T07:24:41","slug":"interpellation-de-marcel-libama-les-autorites-invoquent-le-cadre-legal","status":"publish","type":"post","link":"https:\/\/monsieursolution.com\/en\/2026\/01\/20\/interpellation-de-marcel-libama-les-autorites-invoquent-le-cadre-legal\/","title":{"rendered":"Interpellation de Marcel Libama : les autorit\u00e9s invoquent le cadre l\u00e9gal"},"content":{"rendered":"<p class=\"p1 wp-block-paragraph\"><em>Selon notre confr\u00e8re TV+ Afrique, les autorit\u00e9s administratives et judiciaires estiment que l\u2019interpellation de Marcel Libama s\u2019inscrit exclusivement dans l\u2019application de la loi. Elles r\u00e9futent toute lecture politique ou syndicale de cette affaire, affirmant que les faits rel\u00e8vent du droit p\u00e9nal et du maintien de l\u2019ordre public, dans un \u00c9tat de droit o\u00f9 libert\u00e9s et responsabilit\u00e9s doivent coexister.<\/em><\/p>\n\n\n\n<p class=\"p1 wp-block-paragraph\">Si le droit de gr\u00e8ve est garanti par la Constitution gabonaise, il demeure strictement encadr\u00e9. La loi prot\u00e8ge \u00e9galement la libert\u00e9 du travail et interdit toute entrave \u00e0 l\u2019acc\u00e8s aux services publics ou toute pression sur les agents non-gr\u00e9vistes. C\u2019est sur cette base que les autorit\u00e9s justifient leur action.<\/p>\n\n\n\n<p class=\"p3 wp-block-paragraph\"><strong>Les trois fondements juridiques de l\u2019interpellation<\/strong><\/p>\n\n\n\n<p class=\"p1 wp-block-paragraph\"><strong>1. Des faits constat\u00e9s sur le terrain<\/strong><\/p>\n\n\n\n<p class=\"p1 wp-block-paragraph\">Les autorit\u00e9s \u00e9voquent une situation de flagrance. Marcel Libama aurait particip\u00e9 \u00e0 des actions visant \u00e0 emp\u00eacher l\u2019acc\u00e8s \u00e0 un \u00e9tablissement public, tout en exer\u00e7ant des pressions sur des agents en service. Ces comportements sont passibles de sanctions au regard de l\u2019article 382 du Code du travail et de l\u2019article 314 du Code p\u00e9nal.<\/p>\n\n\n\n<p class=\"p1 wp-block-paragraph\"><strong>2. Le non-respect des r\u00e8gles encadrant la gr\u00e8ve<\/strong><\/p>\n\n\n\n<p class=\"p1 wp-block-paragraph\">La r\u00e9glementation en vigueur, notamment la circulaire de mai 2021, proscrit formellement le blocage des administrations et impose la continuit\u00e9 du service public. Toute perturbation ou entrave est assimil\u00e9e \u00e0 une faute grave. Les autorit\u00e9s consid\u00e8rent que ces r\u00e8gles n\u2019ont pas \u00e9t\u00e9 respect\u00e9es, faisant sortir l\u2019affaire du champ syndical.<\/p>\n\n\n\n<p class=\"p1 wp-block-paragraph\"><strong>3. La qualit\u00e9 juridique de l\u2019int\u00e9ress\u00e9<\/strong><\/p>\n\n\n\n<p class=\"p1 wp-block-paragraph\">Marcel Libama est retrait\u00e9 et ne dispose plus du statut d\u2019agent public actif. \u00c0 ce titre, il n\u2019est plus habilit\u00e9 \u00e0 intervenir au sein d\u2019un service en fonctionnement. Pour les autorit\u00e9s, son implication dans des actions perturbant un service public pose un probl\u00e8me juridique \u00e9vident et ne peut \u00eatre assimil\u00e9e \u00e0 une activit\u00e9 syndicale.<\/p>\n\n\n\n<p class=\"p1 wp-block-paragraph\">Les autorit\u00e9s assurent enfin que cette interpellation n\u2019a donn\u00e9 lieu \u00e0 aucune instruction politique. Selon elles, les forces de s\u00e9curit\u00e9 et la justice n\u2019ont fait qu\u2019appliquer la loi, rappelant qu\u2019en R\u00e9publique gabonaise, l\u2019exercice des libert\u00e9s ne saurait s\u2019affranchir du respect des r\u00e8gles communes.<\/p>\n\n\n\n<p class=\"wp-block-paragraph\"><\/p>","protected":false},"excerpt":{"rendered":"<p>Selon notre confr\u00e8re TV+ Afrique, les autorit\u00e9s administratives et judiciaires estiment que l\u2019interpellation de Marcel Libama s\u2019inscrit exclusivement dans l\u2019application de la loi. Elles r\u00e9futent toute lecture politique ou syndicale de cette affaire, affirmant que les faits rel\u00e8vent du droit p\u00e9nal et du maintien de l\u2019ordre public, dans un \u00c9tat de droit o\u00f9 libert\u00e9s et&#8230;<\/p>","protected":false},"author":270162798,"featured_media":570,"comment_status":"open","ping_status":"open","sticky":false,"template":"","format":"standard","meta":{"_crdt_document":"","_jetpack_newsletter_access":"","_jetpack_dont_email_post_to_subs":false,"_jetpack_newsletter_tier_id":0,"_jetpack_memberships_contains_paywalled_content":false,"_jetpack_memberships_contains_paid_content":false,"footnotes":"","jetpack_publicize_message":"Interpellation de Marcel Libama : les autorit\u00e9s invoquent le cadre l\u00e9gal","jetpack_publicize_feature_enabled":true,"jetpack_social_post_already_shared":true,"jetpack_social_options":{"image_generator_settings":{"template":"highway","default_image_id":0,"font":"","enabled":false},"version":2},"jetpack_post_was_ever_published":false},"categories":[4],"tags":[],"class_list":["post-571","post","type-post","status-publish","format-standard","has-post-thumbnail","hentry","category-societe"],"yoast_head":"<!-- This site is optimized with the Yoast SEO plugin v27.4 - https:\/\/yoast.com\/product\/yoast-seo-wordpress\/ -->\n<title>Interpellation de Marcel Libama : les autorit\u00e9s invoquent le cadre l\u00e9gal - Monsieur Solution<\/title>\n<meta name=\"robots\" content=\"index, follow, max-snippet:-1, max-image-preview:large, max-video-preview:-1\" \/>\n<link rel=\"canonical\" href=\"https:\/\/monsieursolution.com\/en\/2026\/01\/20\/interpellation-de-marcel-libama-les-autorites-invoquent-le-cadre-legal\/\" \/>\n<meta property=\"og:locale\" content=\"en_US\" \/>\n<meta property=\"og:type\" content=\"article\" \/>\n<meta property=\"og:title\" content=\"Interpellation de Marcel Libama : les autorit\u00e9s invoquent le cadre l\u00e9gal - Monsieur Solution\" \/>\n<meta property=\"og:description\" content=\"Selon notre confr\u00e8re TV+ Afrique, les autorit\u00e9s administratives et judiciaires estiment que l\u2019interpellation de Marcel Libama s\u2019inscrit exclusivement dans l\u2019application de la loi. Elles r\u00e9futent toute lecture politique ou syndicale de cette affaire, affirmant que les faits rel\u00e8vent du droit p\u00e9nal et du maintien de l\u2019ordre public, dans un \u00c9tat de droit o\u00f9 libert\u00e9s et...\" \/>\n<meta property=\"og:url\" content=\"https:\/\/monsieursolution.com\/en\/2026\/01\/20\/interpellation-de-marcel-libama-les-autorites-invoquent-le-cadre-legal\/\" \/>\n<meta property=\"og:site_name\" content=\"Monsieur Solution\" \/>\n<meta property=\"article:published_time\" content=\"2026-01-20T07:24:41+00:00\" \/>\n<meta name=\"author\" content=\"Leslie ENOMBE\" \/>\n<meta name=\"twitter:card\" content=\"summary_large_image\" \/>\n<meta name=\"twitter:label1\" content=\"Written by\" \/>\n\t<meta name=\"twitter:data1\" content=\"Leslie ENOMBE\" \/>\n\t<meta name=\"twitter:label2\" content=\"Est. reading time\" \/>\n\t<meta name=\"twitter:data2\" content=\"2 minutes\" \/>\n<script type=\"application\/ld+json\" class=\"yoast-schema-graph\">{\"@context\":\"https:\\\/\\\/schema.org\",\"@graph\":[{\"@type\":\"Article\",\"@id\":\"https:\\\/\\\/monsieursolution.com\\\/2026\\\/01\\\/20\\\/interpellation-de-marcel-libama-les-autorites-invoquent-le-cadre-legal\\\/#article\",\"isPartOf\":{\"@id\":\"https:\\\/\\\/monsieursolution.com\\\/2026\\\/01\\\/20\\\/interpellation-de-marcel-libama-les-autorites-invoquent-le-cadre-legal\\\/\"},\"author\":{\"name\":\"Leslie ENOMBE\",\"@id\":\"https:\\\/\\\/monsieursolution.com\\\/#\\\/schema\\\/person\\\/6a29dc144039731752c71a9dfd438368\"},\"headline\":\"Interpellation de Marcel Libama : les autorit\u00e9s invoquent le cadre l\u00e9gal\",\"datePublished\":\"2026-01-20T07:24:41+00:00\",\"mainEntityOfPage\":{\"@id\":\"https:\\\/\\\/monsieursolution.com\\\/2026\\\/01\\\/20\\\/interpellation-de-marcel-libama-les-autorites-invoquent-le-cadre-legal\\\/\"},\"wordCount\":388,\"commentCount\":0,\"publisher\":{\"@id\":\"https:\\\/\\\/monsieursolution.com\\\/#organization\"},\"image\":{\"@id\":\"https:\\\/\\\/monsieursolution.com\\\/2026\\\/01\\\/20\\\/interpellation-de-marcel-libama-les-autorites-invoquent-le-cadre-legal\\\/#primaryimage\"},\"thumbnailUrl\":\"https:\\\/\\\/i0.wp.com\\\/monsieursolution.com\\\/wp-content\\\/uploads\\\/2026\\\/01\\\/img_3974.jpg?fit=1995%2C2000&ssl=1\",\"articleSection\":[\"Soci\u00e9t\u00e9\"],\"inLanguage\":\"en-US\",\"potentialAction\":[{\"@type\":\"CommentAction\",\"name\":\"Comment\",\"target\":[\"https:\\\/\\\/monsieursolution.com\\\/2026\\\/01\\\/20\\\/interpellation-de-marcel-libama-les-autorites-invoquent-le-cadre-legal\\\/#respond\"]}]},{\"@type\":\"WebPage\",\"@id\":\"https:\\\/\\\/monsieursolution.com\\\/2026\\\/01\\\/20\\\/interpellation-de-marcel-libama-les-autorites-invoquent-le-cadre-legal\\\/\",\"url\":\"https:\\\/\\\/monsieursolution.com\\\/2026\\\/01\\\/20\\\/interpellation-de-marcel-libama-les-autorites-invoquent-le-cadre-legal\\\/\",\"name\":\"Interpellation de Marcel Libama : les autorit\u00e9s invoquent le cadre l\u00e9gal - Monsieur Solution\",\"isPartOf\":{\"@id\":\"https:\\\/\\\/monsieursolution.com\\\/#website\"},\"primaryImageOfPage\":{\"@id\":\"https:\\\/\\\/monsieursolution.com\\\/2026\\\/01\\\/20\\\/interpellation-de-marcel-libama-les-autorites-invoquent-le-cadre-legal\\\/#primaryimage\"},\"image\":{\"@id\":\"https:\\\/\\\/monsieursolution.com\\\/2026\\\/01\\\/20\\\/interpellation-de-marcel-libama-les-autorites-invoquent-le-cadre-legal\\\/#primaryimage\"},\"thumbnailUrl\":\"https:\\\/\\\/i0.wp.com\\\/monsieursolution.com\\\/wp-content\\\/uploads\\\/2026\\\/01\\\/img_3974.jpg?fit=1995%2C2000&ssl=1\",\"datePublished\":\"2026-01-20T07:24:41+00:00\",\"breadcrumb\":{\"@id\":\"https:\\\/\\\/monsieursolution.com\\\/2026\\\/01\\\/20\\\/interpellation-de-marcel-libama-les-autorites-invoquent-le-cadre-legal\\\/#breadcrumb\"},\"inLanguage\":\"en-US\",\"potentialAction\":[{\"@type\":\"ReadAction\",\"target\":[\"https:\\\/\\\/monsieursolution.com\\\/2026\\\/01\\\/20\\\/interpellation-de-marcel-libama-les-autorites-invoquent-le-cadre-legal\\\/\"]}]},{\"@type\":\"ImageObject\",\"inLanguage\":\"en-US\",\"@id\":\"https:\\\/\\\/monsieursolution.com\\\/2026\\\/01\\\/20\\\/interpellation-de-marcel-libama-les-autorites-invoquent-le-cadre-legal\\\/#primaryimage\",\"url\":\"https:\\\/\\\/i0.wp.com\\\/monsieursolution.com\\\/wp-content\\\/uploads\\\/2026\\\/01\\\/img_3974.jpg?fit=1995%2C2000&ssl=1\",\"contentUrl\":\"https:\\\/\\\/i0.wp.com\\\/monsieursolution.com\\\/wp-content\\\/uploads\\\/2026\\\/01\\\/img_3974.jpg?fit=1995%2C2000&ssl=1\",\"width\":1995,\"height\":2000},{\"@type\":\"BreadcrumbList\",\"@id\":\"https:\\\/\\\/monsieursolution.com\\\/2026\\\/01\\\/20\\\/interpellation-de-marcel-libama-les-autorites-invoquent-le-cadre-legal\\\/#breadcrumb\",\"itemListElement\":[{\"@type\":\"ListItem\",\"position\":1,\"name\":\"Accueil\",\"item\":\"https:\\\/\\\/monsieursolution.com\\\/\"},{\"@type\":\"ListItem\",\"position\":2,\"name\":\"Interpellation de Marcel Libama : les autorit\u00e9s invoquent le cadre l\u00e9gal\"}]},{\"@type\":\"WebSite\",\"@id\":\"https:\\\/\\\/monsieursolution.com\\\/#website\",\"url\":\"https:\\\/\\\/monsieursolution.com\\\/\",\"name\":\"Monsieur Solution\",\"description\":\"Une plateforme d\u2019information\",\"publisher\":{\"@id\":\"https:\\\/\\\/monsieursolution.com\\\/#organization\"},\"potentialAction\":[{\"@type\":\"SearchAction\",\"target\":{\"@type\":\"EntryPoint\",\"urlTemplate\":\"https:\\\/\\\/monsieursolution.com\\\/?s={search_term_string}\"},\"query-input\":{\"@type\":\"PropertyValueSpecification\",\"valueRequired\":true,\"valueName\":\"search_term_string\"}}],\"inLanguage\":\"en-US\"},{\"@type\":\"Organization\",\"@id\":\"https:\\\/\\\/monsieursolution.com\\\/#organization\",\"name\":\"Monsieur Solution\",\"url\":\"https:\\\/\\\/monsieursolution.com\\\/\",\"logo\":{\"@type\":\"ImageObject\",\"inLanguage\":\"en-US\",\"@id\":\"https:\\\/\\\/monsieursolution.com\\\/#\\\/schema\\\/logo\\\/image\\\/\",\"url\":\"https:\\\/\\\/i0.wp.com\\\/monsieursolution.com\\\/wp-content\\\/uploads\\\/2025\\\/08\\\/cropped-Screenshot-2025-08-18-at-3.27.47-AM.png?fit=384%2C384&ssl=1\",\"contentUrl\":\"https:\\\/\\\/i0.wp.com\\\/monsieursolution.com\\\/wp-content\\\/uploads\\\/2025\\\/08\\\/cropped-Screenshot-2025-08-18-at-3.27.47-AM.png?fit=384%2C384&ssl=1\",\"width\":384,\"height\":384,\"caption\":\"Monsieur Solution\"},\"image\":{\"@id\":\"https:\\\/\\\/monsieursolution.com\\\/#\\\/schema\\\/logo\\\/image\\\/\"}},{\"@type\":\"Person\",\"@id\":\"https:\\\/\\\/monsieursolution.com\\\/#\\\/schema\\\/person\\\/6a29dc144039731752c71a9dfd438368\",\"name\":\"Leslie ENOMBE\",\"image\":{\"@type\":\"ImageObject\",\"inLanguage\":\"en-US\",\"@id\":\"https:\\\/\\\/secure.gravatar.com\\\/avatar\\\/7a5899fabc37c9f1c92a862ae884f307a3621cc09603cb56839768a39373d767?s=96&d=identicon&r=g\",\"url\":\"https:\\\/\\\/secure.gravatar.com\\\/avatar\\\/7a5899fabc37c9f1c92a862ae884f307a3621cc09603cb56839768a39373d767?s=96&d=identicon&r=g\",\"contentUrl\":\"https:\\\/\\\/secure.gravatar.com\\\/avatar\\\/7a5899fabc37c9f1c92a862ae884f307a3621cc09603cb56839768a39373d767?s=96&d=identicon&r=g\",\"caption\":\"Leslie ENOMBE\"},\"url\":\"https:\\\/\\\/monsieursolution.com\\\/en\\\/author\\\/leslie_enombe\\\/\"}]}<\/script>\n<!-- \/ Yoast SEO plugin. -->","yoast_head_json":{"title":"Interpellation de Marcel Libama : les autorit\u00e9s invoquent le cadre l\u00e9gal - Monsieur Solution","robots":{"index":"index","follow":"follow","max-snippet":"max-snippet:-1","max-image-preview":"max-image-preview:large","max-video-preview":"max-video-preview:-1"},"canonical":"https:\/\/monsieursolution.com\/en\/2026\/01\/20\/interpellation-de-marcel-libama-les-autorites-invoquent-le-cadre-legal\/","og_locale":"en_US","og_type":"article","og_title":"Interpellation de Marcel Libama : les autorit\u00e9s invoquent le cadre l\u00e9gal - Monsieur Solution","og_description":"Selon notre confr\u00e8re TV+ Afrique, les autorit\u00e9s administratives et judiciaires estiment que l\u2019interpellation de Marcel Libama s\u2019inscrit exclusivement dans l\u2019application de la loi. Elles r\u00e9futent toute lecture politique ou syndicale de cette affaire, affirmant que les faits rel\u00e8vent du droit p\u00e9nal et du maintien de l\u2019ordre public, dans un \u00c9tat de droit o\u00f9 libert\u00e9s et...","og_url":"https:\/\/monsieursolution.com\/en\/2026\/01\/20\/interpellation-de-marcel-libama-les-autorites-invoquent-le-cadre-legal\/","og_site_name":"Monsieur Solution","article_published_time":"2026-01-20T07:24:41+00:00","author":"Leslie ENOMBE","twitter_card":"summary_large_image","twitter_misc":{"Written by":"Leslie ENOMBE","Est. reading time":"2 minutes"},"schema":{"@context":"https:\/\/schema.org","@graph":[{"@type":"Article","@id":"https:\/\/monsieursolution.com\/2026\/01\/20\/interpellation-de-marcel-libama-les-autorites-invoquent-le-cadre-legal\/#article","isPartOf":{"@id":"https:\/\/monsieursolution.com\/2026\/01\/20\/interpellation-de-marcel-libama-les-autorites-invoquent-le-cadre-legal\/"},"author":{"name":"Leslie ENOMBE","@id":"https:\/\/monsieursolution.com\/#\/schema\/person\/6a29dc144039731752c71a9dfd438368"},"headline":"Interpellation de Marcel Libama : les autorit\u00e9s invoquent le cadre l\u00e9gal","datePublished":"2026-01-20T07:24:41+00:00","mainEntityOfPage":{"@id":"https:\/\/monsieursolution.com\/2026\/01\/20\/interpellation-de-marcel-libama-les-autorites-invoquent-le-cadre-legal\/"},"wordCount":388,"commentCount":0,"publisher":{"@id":"https:\/\/monsieursolution.com\/#organization"},"image":{"@id":"https:\/\/monsieursolution.com\/2026\/01\/20\/interpellation-de-marcel-libama-les-autorites-invoquent-le-cadre-legal\/#primaryimage"},"thumbnailUrl":"https:\/\/i0.wp.com\/monsieursolution.com\/wp-content\/uploads\/2026\/01\/img_3974.jpg?fit=1995%2C2000&ssl=1","articleSection":["Soci\u00e9t\u00e9"],"inLanguage":"en-US","potentialAction":[{"@type":"CommentAction","name":"Comment","target":["https:\/\/monsieursolution.com\/2026\/01\/20\/interpellation-de-marcel-libama-les-autorites-invoquent-le-cadre-legal\/#respond"]}]},{"@type":"WebPage","@id":"https:\/\/monsieursolution.com\/2026\/01\/20\/interpellation-de-marcel-libama-les-autorites-invoquent-le-cadre-legal\/","url":"https:\/\/monsieursolution.com\/2026\/01\/20\/interpellation-de-marcel-libama-les-autorites-invoquent-le-cadre-legal\/","name":"Interpellation de Marcel Libama : les autorit\u00e9s invoquent le cadre l\u00e9gal - Monsieur Solution","isPartOf":{"@id":"https:\/\/monsieursolution.com\/#website"},"primaryImageOfPage":{"@id":"https:\/\/monsieursolution.com\/2026\/01\/20\/interpellation-de-marcel-libama-les-autorites-invoquent-le-cadre-legal\/#primaryimage"},"image":{"@id":"https:\/\/monsieursolution.com\/2026\/01\/20\/interpellation-de-marcel-libama-les-autorites-invoquent-le-cadre-legal\/#primaryimage"},"thumbnailUrl":"https:\/\/i0.wp.com\/monsieursolution.com\/wp-content\/uploads\/2026\/01\/img_3974.jpg?fit=1995%2C2000&ssl=1","datePublished":"2026-01-20T07:24:41+00:00","breadcrumb":{"@id":"https:\/\/monsieursolution.com\/2026\/01\/20\/interpellation-de-marcel-libama-les-autorites-invoquent-le-cadre-legal\/#breadcrumb"},"inLanguage":"en-US","potentialAction":[{"@type":"ReadAction","target":["https:\/\/monsieursolution.com\/2026\/01\/20\/interpellation-de-marcel-libama-les-autorites-invoquent-le-cadre-legal\/"]}]},{"@type":"ImageObject","inLanguage":"en-US","@id":"https:\/\/monsieursolution.com\/2026\/01\/20\/interpellation-de-marcel-libama-les-autorites-invoquent-le-cadre-legal\/#primaryimage","url":"https:\/\/i0.wp.com\/monsieursolution.com\/wp-content\/uploads\/2026\/01\/img_3974.jpg?fit=1995%2C2000&ssl=1","contentUrl":"https:\/\/i0.wp.com\/monsieursolution.com\/wp-content\/uploads\/2026\/01\/img_3974.jpg?fit=1995%2C2000&ssl=1","width":1995,"height":2000},{"@type":"BreadcrumbList","@id":"https:\/\/monsieursolution.com\/2026\/01\/20\/interpellation-de-marcel-libama-les-autorites-invoquent-le-cadre-legal\/#breadcrumb","itemListElement":[{"@type":"ListItem","position":1,"name":"Accueil","item":"https:\/\/monsieursolution.com\/"},{"@type":"ListItem","position":2,"name":"Interpellation de Marcel Libama : les autorit\u00e9s invoquent le cadre l\u00e9gal"}]},{"@type":"WebSite","@id":"https:\/\/monsieursolution.com\/#website","url":"https:\/\/monsieursolution.com\/","name":"Mister Solution","description":"A news platform","publisher":{"@id":"https:\/\/monsieursolution.com\/#organization"},"potentialAction":[{"@type":"SearchAction","target":{"@type":"EntryPoint","urlTemplate":"https:\/\/monsieursolution.com\/?s={search_term_string}"},"query-input":{"@type":"PropertyValueSpecification","valueRequired":true,"valueName":"search_term_string"}}],"inLanguage":"en-US"},{"@type":"Organization","@id":"https:\/\/monsieursolution.com\/#organization","name":"Mister Solution","url":"https:\/\/monsieursolution.com\/","logo":{"@type":"ImageObject","inLanguage":"en-US","@id":"https:\/\/monsieursolution.com\/#\/schema\/logo\/image\/","url":"https:\/\/i0.wp.com\/monsieursolution.com\/wp-content\/uploads\/2025\/08\/cropped-Screenshot-2025-08-18-at-3.27.47-AM.png?fit=384%2C384&ssl=1","contentUrl":"https:\/\/i0.wp.com\/monsieursolution.com\/wp-content\/uploads\/2025\/08\/cropped-Screenshot-2025-08-18-at-3.27.47-AM.png?fit=384%2C384&ssl=1","width":384,"height":384,"caption":"Monsieur Solution"},"image":{"@id":"https:\/\/monsieursolution.com\/#\/schema\/logo\/image\/"}},{"@type":"Person","@id":"https:\/\/monsieursolution.com\/#\/schema\/person\/6a29dc144039731752c71a9dfd438368","name":"Leslie ENOMBE","image":{"@type":"ImageObject","inLanguage":"en-US","@id":"https:\/\/secure.gravatar.com\/avatar\/7a5899fabc37c9f1c92a862ae884f307a3621cc09603cb56839768a39373d767?s=96&d=identicon&r=g","url":"https:\/\/secure.gravatar.com\/avatar\/7a5899fabc37c9f1c92a862ae884f307a3621cc09603cb56839768a39373d767?s=96&d=identicon&r=g","contentUrl":"https:\/\/secure.gravatar.com\/avatar\/7a5899fabc37c9f1c92a862ae884f307a3621cc09603cb56839768a39373d767?s=96&d=identicon&r=g","caption":"Leslie ENOMBE"},"url":"https:\/\/monsieursolution.com\/en\/author\/leslie_enombe\/"}]}},"jetpack_publicize_connections":[],"featured_image_urls":{"full":["https:\/\/i0.wp.com\/monsieursolution.com\/wp-content\/uploads\/2026\/01\/img_3974.jpg?fit=1995%2C2000&ssl=1",1995,2000,false],"thumbnail":["https:\/\/i0.wp.com\/monsieursolution.com\/wp-content\/uploads\/2026\/01\/img_3974.jpg?resize=150%2C150&ssl=1",150,150,true],"medium":["https:\/\/i0.wp.com\/monsieursolution.com\/wp-content\/uploads\/2026\/01\/img_3974.jpg?fit=300%2C300&ssl=1",300,300,true],"medium_large":["https:\/\/i0.wp.com\/monsieursolution.com\/wp-content\/uploads\/2026\/01\/img_3974.jpg?fit=640%2C642&ssl=1",640,642,true],"large":["https:\/\/i0.wp.com\/monsieursolution.com\/wp-content\/uploads\/2026\/01\/img_3974.jpg?fit=640%2C642&ssl=1",640,642,true],"1536x1536":["https:\/\/i0.wp.com\/monsieursolution.com\/wp-content\/uploads\/2026\/01\/img_3974.jpg?fit=1532%2C1536&ssl=1",1532,1536,true],"2048x2048":["https:\/\/i0.wp.com\/monsieursolution.com\/wp-content\/uploads\/2026\/01\/img_3974.jpg?fit=1995%2C2000&ssl=1",1995,2000,true],"trp-custom-language-flag":["https:\/\/i0.wp.com\/monsieursolution.com\/wp-content\/uploads\/2026\/01\/img_3974.jpg?fit=12%2C12&ssl=1",12,12,true],"newspack-article-block-landscape-large":["https:\/\/i0.wp.com\/monsieursolution.com\/wp-content\/uploads\/2026\/01\/img_3974.jpg?resize=1200%2C900&ssl=1",1200,900,true],"newspack-article-block-portrait-large":["https:\/\/i0.wp.com\/monsieursolution.com\/wp-content\/uploads\/2026\/01\/img_3974.jpg?resize=900%2C1200&ssl=1",900,1200,true],"newspack-article-block-square-large":["https:\/\/i0.wp.com\/monsieursolution.com\/wp-content\/uploads\/2026\/01\/img_3974.jpg?resize=1200%2C1200&ssl=1",1200,1200,true],"newspack-article-block-landscape-medium":["https:\/\/i0.wp.com\/monsieursolution.com\/wp-content\/uploads\/2026\/01\/img_3974.jpg?resize=800%2C600&ssl=1",800,600,true],"newspack-article-block-portrait-medium":["https:\/\/i0.wp.com\/monsieursolution.com\/wp-content\/uploads\/2026\/01\/img_3974.jpg?resize=600%2C800&ssl=1",600,800,true],"newspack-article-block-square-medium":["https:\/\/i0.wp.com\/monsieursolution.com\/wp-content\/uploads\/2026\/01\/img_3974.jpg?resize=800%2C800&ssl=1",800,800,true],"newspack-article-block-landscape-intermediate":["https:\/\/i0.wp.com\/monsieursolution.com\/wp-content\/uploads\/2026\/01\/img_3974.jpg?resize=600%2C450&ssl=1",600,450,true],"newspack-article-block-portrait-intermediate":["https:\/\/i0.wp.com\/monsieursolution.com\/wp-content\/uploads\/2026\/01\/img_3974.jpg?resize=450%2C600&ssl=1",450,600,true],"newspack-article-block-square-intermediate":["https:\/\/i0.wp.com\/monsieursolution.com\/wp-content\/uploads\/2026\/01\/img_3974.jpg?resize=600%2C600&ssl=1",600,600,true],"newspack-article-block-landscape-small":["https:\/\/i0.wp.com\/monsieursolution.com\/wp-content\/uploads\/2026\/01\/img_3974.jpg?resize=400%2C300&ssl=1",400,300,true],"newspack-article-block-portrait-small":["https:\/\/i0.wp.com\/monsieursolution.com\/wp-content\/uploads\/2026\/01\/img_3974.jpg?resize=300%2C400&ssl=1",300,400,true],"newspack-article-block-square-small":["https:\/\/i0.wp.com\/monsieursolution.com\/wp-content\/uploads\/2026\/01\/img_3974.jpg?resize=400%2C400&ssl=1",400,400,true],"newspack-article-block-landscape-tiny":["https:\/\/i0.wp.com\/monsieursolution.com\/wp-content\/uploads\/2026\/01\/img_3974.jpg?resize=200%2C150&ssl=1",200,150,true],"newspack-article-block-portrait-tiny":["https:\/\/i0.wp.com\/monsieursolution.com\/wp-content\/uploads\/2026\/01\/img_3974.jpg?resize=150%2C200&ssl=1",150,200,true],"newspack-article-block-square-tiny":["https:\/\/i0.wp.com\/monsieursolution.com\/wp-content\/uploads\/2026\/01\/img_3974.jpg?resize=200%2C200&ssl=1",200,200,true],"newspack-article-block-uncropped":["https:\/\/i0.wp.com\/monsieursolution.com\/wp-content\/uploads\/2026\/01\/img_3974.jpg?fit=1200%2C1203&ssl=1",1200,1203,true],"newsmatic-featured":["https:\/\/i0.wp.com\/monsieursolution.com\/wp-content\/uploads\/2026\/01\/img_3974.jpg?resize=820%2C545&ssl=1",820,545,true],"newsmatic-list":["https:\/\/i0.wp.com\/monsieursolution.com\/wp-content\/uploads\/2026\/01\/img_3974.jpg?resize=600%2C400&ssl=1",600,400,true],"newsmatic-thumb":["https:\/\/i0.wp.com\/monsieursolution.com\/wp-content\/uploads\/2026\/01\/img_3974.jpg?resize=300%2C200&ssl=1",300,200,true],"newsmatic-small":["https:\/\/i0.wp.com\/monsieursolution.com\/wp-content\/uploads\/2026\/01\/img_3974.jpg?resize=150%2C95&ssl=1",150,95,true],"newsmatic-grid":["https:\/\/i0.wp.com\/monsieursolution.com\/wp-content\/uploads\/2026\/01\/img_3974.jpg?resize=400%2C250&ssl=1",400,250,true]},"author_info":{"info":["Leslie ENOMBE"]},"category_info":"<a href=\"https:\/\/monsieursolution.com\/en\/category\/societe\/\" rel=\"category tag\">Soci\u00e9t\u00e9<\/a>","tag_info":"Soci\u00e9t\u00e9","comment_count":"0","jetpack_featured_media_url":"https:\/\/i0.wp.com\/monsieursolution.com\/wp-content\/uploads\/2026\/01\/img_3974.jpg?fit=1995%2C2000&ssl=1","jetpack_likes_enabled":true,"jetpack_sharing_enabled":true,"jetpack_shortlink":"https:\/\/wp.me\/pgKr6S-9d","jetpack-related-posts":[],"_links":{"self":[{"href":"https:\/\/monsieursolution.com\/en\/wp-json\/wp\/v2\/posts\/571","targetHints":{"allow":["GET"]}}],"collection":[{"href":"https:\/\/monsieursolution.com\/en\/wp-json\/wp\/v2\/posts"}],"about":[{"href":"https:\/\/monsieursolution.com\/en\/wp-json\/wp\/v2\/types\/post"}],"author":[{"embeddable":true,"href":"https:\/\/monsieursolution.com\/en\/wp-json\/wp\/v2\/users\/270162798"}],"replies":[{"embeddable":true,"href":"https:\/\/monsieursolution.com\/en\/wp-json\/wp\/v2\/comments?post=571"}],"version-history":[{"count":0,"href":"https:\/\/monsieursolution.com\/en\/wp-json\/wp\/v2\/posts\/571\/revisions"}],"wp:featuredmedia":[{"embeddable":true,"href":"https:\/\/monsieursolution.com\/en\/wp-json\/wp\/v2\/media\/570"}],"wp:attachment":[{"href":"https:\/\/monsieursolution.com\/en\/wp-json\/wp\/v2\/media?parent=571"}],"wp:term":[{"taxonomy":"category","embeddable":true,"href":"https:\/\/monsieursolution.com\/en\/wp-json\/wp\/v2\/categories?post=571"},{"taxonomy":"post_tag","embeddable":true,"href":"https:\/\/monsieursolution.com\/en\/wp-json\/wp\/v2\/tags?post=571"}],"curies":[{"name":"wp","href":"https:\/\/api.w.org\/{rel}","templated":true}]}}